{"id":21877,"date":"2022-12-01T18:23:06","date_gmt":"2022-12-01T17:23:06","guid":{"rendered":"https:\/\/egoluce.com\/light-stories\/luz-centrada-en-el-ser-humano\/"},"modified":"2022-12-01T18:23:06","modified_gmt":"2022-12-01T17:23:06","slug":"luz-centrada-en-el-ser-humano","status":"publish","type":"light_story","link":"https:\/\/egoluce.com\/es\/light-stories\/luz-centrada-en-el-ser-humano\/","title":{"rendered":"Luz centrada en el ser humano"},"content":{"rendered":"<h2>Luz para el bienestar de las personas<\/h2>\n<p>Un tema de moda hoy en d\u00eda es la luz centrada en el ser humano (Human Centric Light, HCL). Human Centric Light es un concepto que est\u00e1 asumiendo un papel cada vez m\u00e1s importante en la sociedad y en la vida de todos. Representa un profundo cambio cultural en l\u00ednea con la b\u00fasqueda de una relaci\u00f3n m\u00e1s sana y equilibrada con el entorno en el que vivimos. <\/p>\n<p>La luz siempre ha sido un elemento fundamental en la vida de las personas, haciendo habitables los espacios y permiti\u00e9ndoles realizar todas sus actividades cotidianas. La ciencia y los estudios realizados a lo largo del tiempo han demostrado que los efectos de la luz en el ser humano no se limitan al campo visual, sino que tienen un fuerte impacto en las funciones cognitivas, la salud, el estado psicof\u00edsico, la productividad, el estado de \u00e1nimo y, sobre todo, en el ritmo biol\u00f3gico diario (ritmo circadiano) de cada individuo. <\/p>\n<p>El t\u00e9rmino Human Centric Light identifica un enfoque particular del dise\u00f1o de iluminaci\u00f3n en el que el impacto biol\u00f3gico y emocional de la luz, junto con el bienestar y el confort de las personas, desempe\u00f1an un papel central.<\/p>\n<p>Un nuevo concepto de iluminaci\u00f3n din\u00e1mica que, al seguir la evoluci\u00f3n real de la luz natural a lo largo del d\u00eda, permite disponer de una luz siempre correcta y confortable que puede modularse y ajustarse en funci\u00f3n de las distintas horas del d\u00eda y de las necesidades de uso del espacio.<\/p>\n<p>Human Centric Light es, de hecho, un conjunto de soluciones y sistemas de iluminaci\u00f3n que equilibran las necesidades visuales, emocionales y biol\u00f3gicas de las personas, influyendo en el bienestar y el rendimiento individuales.<\/p>\n","protected":false},"excerpt":{"rendered":"<p>Luz para el bienestar de las personas Un tema de moda hoy en d\u00eda es la luz centrada en el [&hellip;]<\/p>\n","protected":false},"featured_media":20614,"template":"","class_list":["post-21877","light_story","type-light_story","status-publish","has-post-thumbnail","hentry"],"acf":[],"yoast_head":"<!-- This site is optimized with the Yoast SEO plugin v27.3 - https:\/\/yoast.com\/product\/yoast-seo-wordpress\/ -->\n<title>Luz centrada en el ser humano - Egoluce Srl<\/title>\n<meta name=\"description\" content=\"Un tema de moda hoy en d\u00eda es la luz centrada en el ser humano (HCL).\" \/>\n<meta name=\"robots\" content=\"index, follow, max-snippet:-1, max-image-preview:large, max-video-preview:-1\" \/>\n<link rel=\"canonical\" href=\"https:\/\/egoluce.com\/es\/light-stories\/luz-centrada-en-el-ser-humano\/\" \/>\n<meta property=\"og:locale\" content=\"es_ES\" \/>\n<meta property=\"og:type\" content=\"article\" \/>\n<meta property=\"og:title\" content=\"Luz centrada en el ser humano - Egoluce Srl\" \/>\n<meta property=\"og:description\" content=\"Un tema de moda hoy en d\u00eda es la luz centrada en el ser humano (HCL).\" \/>\n<meta property=\"og:url\" content=\"https:\/\/egoluce.com\/es\/light-stories\/luz-centrada-en-el-ser-humano\/\" \/>\n<meta property=\"og:site_name\" content=\"Egoluce Srl\" \/>\n<meta property=\"article:publisher\" content=\"https:\/\/www.facebook.com\/egoluce\/\" \/>\n<meta property=\"og:image\" content=\"https:\/\/egoluce.com\/wp-content\/uploads\/2025\/06\/2022-11-30-hcl-1.jpg\" \/>\n\t<meta property=\"og:image:width\" content=\"1920\" \/>\n\t<meta property=\"og:image:height\" content=\"1080\" \/>\n\t<meta property=\"og:image:type\" content=\"image\/jpeg\" \/>\n<meta name=\"twitter:card\" content=\"summary_large_image\" \/>\n<meta name=\"twitter:site\" content=\"@egolucesrl\" \/>\n<meta name=\"twitter:label1\" content=\"Tiempo de lectura\" \/>\n\t<meta name=\"twitter:data1\" content=\"2 minutos\" \/>\n<script type=\"application\/ld+json\" class=\"yoast-schema-graph\">{\"@context\":\"https:\\\/\\\/schema.org\",\"@graph\":[{\"@type\":\"WebPage\",\"@id\":\"https:\\\/\\\/egoluce.com\\\/es\\\/light-stories\\\/luz-centrada-en-el-ser-humano\\\/\",\"url\":\"https:\\\/\\\/egoluce.com\\\/es\\\/light-stories\\\/luz-centrada-en-el-ser-humano\\\/\",\"name\":\"Luz centrada en el ser humano - Egoluce Srl\",\"isPartOf\":{\"@id\":\"https:\\\/\\\/egoluce-wp.com\\\/#website\"},\"primaryImageOfPage\":{\"@id\":\"https:\\\/\\\/egoluce.com\\\/es\\\/light-stories\\\/luz-centrada-en-el-ser-humano\\\/#primaryimage\"},\"image\":{\"@id\":\"https:\\\/\\\/egoluce.com\\\/es\\\/light-stories\\\/luz-centrada-en-el-ser-humano\\\/#primaryimage\"},\"thumbnailUrl\":\"https:\\\/\\\/egoluce.com\\\/wp-content\\\/uploads\\\/2025\\\/06\\\/2022-11-30-hcl-1.jpg\",\"datePublished\":\"2022-12-01T17:23:06+00:00\",\"description\":\"Un tema de moda hoy en d\u00eda es la luz centrada en el ser humano (HCL).\",\"breadcrumb\":{\"@id\":\"https:\\\/\\\/egoluce.com\\\/es\\\/light-stories\\\/luz-centrada-en-el-ser-humano\\\/#breadcrumb\"},\"inLanguage\":\"es\",\"potentialAction\":[{\"@type\":\"ReadAction\",\"target\":[\"https:\\\/\\\/egoluce.com\\\/es\\\/light-stories\\\/luz-centrada-en-el-ser-humano\\\/\"]}]},{\"@type\":\"ImageObject\",\"inLanguage\":\"es\",\"@id\":\"https:\\\/\\\/egoluce.com\\\/es\\\/light-stories\\\/luz-centrada-en-el-ser-humano\\\/#primaryimage\",\"url\":\"https:\\\/\\\/egoluce.com\\\/wp-content\\\/uploads\\\/2025\\\/06\\\/2022-11-30-hcl-1.jpg\",\"contentUrl\":\"https:\\\/\\\/egoluce.com\\\/wp-content\\\/uploads\\\/2025\\\/06\\\/2022-11-30-hcl-1.jpg\",\"width\":1920,\"height\":1080,\"caption\":\"2022-11-30-hcl-1\"},{\"@type\":\"BreadcrumbList\",\"@id\":\"https:\\\/\\\/egoluce.com\\\/es\\\/light-stories\\\/luz-centrada-en-el-ser-humano\\\/#breadcrumb\",\"itemListElement\":[{\"@type\":\"ListItem\",\"position\":1,\"name\":\"Home\",\"item\":\"https:\\\/\\\/egoluce-wp.com\\\/es\\\/home\\\/\"},{\"@type\":\"ListItem\",\"position\":2,\"name\":\"Light Stories\",\"item\":\"https:\\\/\\\/egoluce-wp.com\\\/light-stories\\\/\"},{\"@type\":\"ListItem\",\"position\":3,\"name\":\"Luz centrada en el ser humano\"}]},{\"@type\":\"WebSite\",\"@id\":\"https:\\\/\\\/egoluce-wp.com\\\/#website\",\"url\":\"https:\\\/\\\/egoluce-wp.com\\\/\",\"name\":\"Egoluce\",\"description\":\"\",\"publisher\":{\"@id\":\"https:\\\/\\\/egoluce-wp.com\\\/#organization\"},\"potentialAction\":[{\"@type\":\"SearchAction\",\"target\":{\"@type\":\"EntryPoint\",\"urlTemplate\":\"https:\\\/\\\/egoluce-wp.com\\\/?s={search_term_string}\"},\"query-input\":{\"@type\":\"PropertyValueSpecification\",\"valueRequired\":true,\"valueName\":\"search_term_string\"}}],\"inLanguage\":\"es\"},{\"@type\":\"Organization\",\"@id\":\"https:\\\/\\\/egoluce-wp.com\\\/#organization\",\"name\":\"Egoluce Srl\",\"url\":\"https:\\\/\\\/egoluce-wp.com\\\/\",\"logo\":{\"@type\":\"ImageObject\",\"inLanguage\":\"es\",\"@id\":\"https:\\\/\\\/egoluce-wp.com\\\/#\\\/schema\\\/logo\\\/image\\\/\",\"url\":\"https:\\\/\\\/egoluce.com\\\/wp-content\\\/uploads\\\/2025\\\/06\\\/egoluce_new_rosso.png\",\"contentUrl\":\"https:\\\/\\\/egoluce.com\\\/wp-content\\\/uploads\\\/2025\\\/06\\\/egoluce_new_rosso.png\",\"width\":97,\"height\":112,\"caption\":\"Egoluce Srl\"},\"image\":{\"@id\":\"https:\\\/\\\/egoluce-wp.com\\\/#\\\/schema\\\/logo\\\/image\\\/\"},\"sameAs\":[\"https:\\\/\\\/www.facebook.com\\\/egoluce\\\/\",\"https:\\\/\\\/x.com\\\/egolucesrl\",\"https:\\\/\\\/www.instagram.com\\\/egolucelighting\\\/\"]}]}<\/script>\n<!-- \/ Yoast SEO plugin. -->","yoast_head_json":{"title":"Luz centrada en el ser humano - Egoluce Srl","description":"Un tema de moda hoy en d\u00eda es la luz centrada en el ser humano (HCL).","robots":{"index":"index","follow":"follow","max-snippet":"max-snippet:-1","max-image-preview":"max-image-preview:large","max-video-preview":"max-video-preview:-1"},"canonical":"https:\/\/egoluce.com\/es\/light-stories\/luz-centrada-en-el-ser-humano\/","og_locale":"es_ES","og_type":"article","og_title":"Luz centrada en el ser humano - Egoluce Srl","og_description":"Un tema de moda hoy en d\u00eda es la luz centrada en el ser humano (HCL).","og_url":"https:\/\/egoluce.com\/es\/light-stories\/luz-centrada-en-el-ser-humano\/","og_site_name":"Egoluce Srl","article_publisher":"https:\/\/www.facebook.com\/egoluce\/","og_image":[{"width":1920,"height":1080,"url":"https:\/\/egoluce.com\/wp-content\/uploads\/2025\/06\/2022-11-30-hcl-1.jpg","type":"image\/jpeg"}],"twitter_card":"summary_large_image","twitter_site":"@egolucesrl","twitter_misc":{"Tiempo de lectura":"2 minutos"},"schema":{"@context":"https:\/\/schema.org","@graph":[{"@type":"WebPage","@id":"https:\/\/egoluce.com\/es\/light-stories\/luz-centrada-en-el-ser-humano\/","url":"https:\/\/egoluce.com\/es\/light-stories\/luz-centrada-en-el-ser-humano\/","name":"Luz centrada en el ser humano - Egoluce Srl","isPartOf":{"@id":"https:\/\/egoluce-wp.com\/#website"},"primaryImageOfPage":{"@id":"https:\/\/egoluce.com\/es\/light-stories\/luz-centrada-en-el-ser-humano\/#primaryimage"},"image":{"@id":"https:\/\/egoluce.com\/es\/light-stories\/luz-centrada-en-el-ser-humano\/#primaryimage"},"thumbnailUrl":"https:\/\/egoluce.com\/wp-content\/uploads\/2025\/06\/2022-11-30-hcl-1.jpg","datePublished":"2022-12-01T17:23:06+00:00","description":"Un tema de moda hoy en d\u00eda es la luz centrada en el ser humano (HCL).","breadcrumb":{"@id":"https:\/\/egoluce.com\/es\/light-stories\/luz-centrada-en-el-ser-humano\/#breadcrumb"},"inLanguage":"es","potentialAction":[{"@type":"ReadAction","target":["https:\/\/egoluce.com\/es\/light-stories\/luz-centrada-en-el-ser-humano\/"]}]},{"@type":"ImageObject","inLanguage":"es","@id":"https:\/\/egoluce.com\/es\/light-stories\/luz-centrada-en-el-ser-humano\/#primaryimage","url":"https:\/\/egoluce.com\/wp-content\/uploads\/2025\/06\/2022-11-30-hcl-1.jpg","contentUrl":"https:\/\/egoluce.com\/wp-content\/uploads\/2025\/06\/2022-11-30-hcl-1.jpg","width":1920,"height":1080,"caption":"2022-11-30-hcl-1"},{"@type":"BreadcrumbList","@id":"https:\/\/egoluce.com\/es\/light-stories\/luz-centrada-en-el-ser-humano\/#breadcrumb","itemListElement":[{"@type":"ListItem","position":1,"name":"Home","item":"https:\/\/egoluce-wp.com\/es\/home\/"},{"@type":"ListItem","position":2,"name":"Light Stories","item":"https:\/\/egoluce-wp.com\/light-stories\/"},{"@type":"ListItem","position":3,"name":"Luz centrada en el ser humano"}]},{"@type":"WebSite","@id":"https:\/\/egoluce-wp.com\/#website","url":"https:\/\/egoluce-wp.com\/","name":"Egoluce","description":"","publisher":{"@id":"https:\/\/egoluce-wp.com\/#organization"},"potentialAction":[{"@type":"SearchAction","target":{"@type":"EntryPoint","urlTemplate":"https:\/\/egoluce-wp.com\/?s={search_term_string}"},"query-input":{"@type":"PropertyValueSpecification","valueRequired":true,"valueName":"search_term_string"}}],"inLanguage":"es"},{"@type":"Organization","@id":"https:\/\/egoluce-wp.com\/#organization","name":"Egoluce Srl","url":"https:\/\/egoluce-wp.com\/","logo":{"@type":"ImageObject","inLanguage":"es","@id":"https:\/\/egoluce-wp.com\/#\/schema\/logo\/image\/","url":"https:\/\/egoluce.com\/wp-content\/uploads\/2025\/06\/egoluce_new_rosso.png","contentUrl":"https:\/\/egoluce.com\/wp-content\/uploads\/2025\/06\/egoluce_new_rosso.png","width":97,"height":112,"caption":"Egoluce Srl"},"image":{"@id":"https:\/\/egoluce-wp.com\/#\/schema\/logo\/image\/"},"sameAs":["https:\/\/www.facebook.com\/egoluce\/","https:\/\/x.com\/egolucesrl","https:\/\/www.instagram.com\/egolucelighting\/"]}]}},"_links":{"self":[{"href":"https:\/\/egoluce.com\/es\/wp-json\/wp\/v2\/light_story\/21877","targetHints":{"allow":["GET"]}}],"collection":[{"href":"https:\/\/egoluce.com\/es\/wp-json\/wp\/v2\/light_story"}],"about":[{"href":"https:\/\/egoluce.com\/es\/wp-json\/wp\/v2\/types\/light_story"}],"wp:featuredmedia":[{"embeddable":true,"href":"https:\/\/egoluce.com\/es\/wp-json\/wp\/v2\/media\/20614"}],"wp:attachment":[{"href":"https:\/\/egoluce.com\/es\/wp-json\/wp\/v2\/media?parent=21877"}],"curies":[{"name":"wp","href":"https:\/\/api.w.org\/{rel}","templated":true}]}}